{"id":3391,"date":"2023-12-03T11:22:00","date_gmt":"2023-12-03T11:22:00","guid":{"rendered":"https:\/\/new.latinconnect.com\/?p=3391"},"modified":"2025-12-12T11:34:08","modified_gmt":"2025-12-12T11:34:08","slug":"eigeninitiative-am-rande-des-amanzonasbeckens","status":"publish","type":"post","link":"https:\/\/new.latinconnect.com\/de\/news\/eigeninitiative-am-rande-des-amanzonasbeckens\/","title":{"rendered":"Eigeninitiative am Rande des Amanzonasbeckens"},"content":{"rendered":"\t\t<div data-elementor-type=\"wp-post\" data-elementor-id=\"3391\" class=\"elementor elementor-3391\">\n\t\t\t\t<div class=\"elementor-element elementor-element-17b149f3 e-flex e-con-boxed wpr-particle-no wpr-jarallax-no wpr-parallax-no wpr-sticky-section-no e-con e-parent\" data-id=\"17b149f3\" data-element_type=\"container\">\n\t\t\t\t\t<div class=\"e-con-inner\">\n\t\t\t\t<div class=\"elementor-element elementor-element-52982272 lead-text elementor-widget elementor-widget-heading\" data-id=\"52982272\" data-element_type=\"widget\" data-widget_type=\"heading.default\">\n\t\t\t\t\t<p class=\"elementor-heading-title elementor-size-default\">Kai Single von Latventure Ecuador berichtet \u00fcber die erfolgreiche Wiederaufforstungskampagne 2023 in der Hakuna Matata Amazon Lodge:<\/p>\t\t\t\t<\/div>\n\t\t\t\t<div class=\"elementor-element elementor-element-71c2b3fc elementor-widget elementor-widget-spacer\" data-id=\"71c2b3fc\" data-element_type=\"widget\" data-widget_type=\"spacer.default\">\n\t\t\t\t\t\t\t<div class=\"elementor-spacer\">\n\t\t\t<div class=\"elementor-spacer-inner\"><\/div>\n\t\t<\/div>\n\t\t\t\t\t\t<\/div>\n\t\t\t\t<div class=\"elementor-element elementor-element-7fae8f22 elementor-widget elementor-widget-text-editor\" data-id=\"7fae8f22\" data-element_type=\"widget\" data-widget_type=\"text-editor.default\">\n\t\t\t\t\t\t\t\t\t<p>&#8222;Die Wiederaufforstungskampagne in unserer Regenwald-Lodge repr\u00e4sentiert ein beeindruckendes Gemeinschaftsprojekt zwischen der Lodge und Latventure Ecuador in Quito. Dieses ambitionierte Unterfangen erstreckte sich \u00fcber eine Fl\u00e4che von 10.000 Quadratmetern innerhalb der gro\u00dfz\u00fcgigen 120 Hektar der Lodge, die am Anfang des imposanten Amazonasbeckens liegt.<br \/><br \/>Das Hauptziel dieser Aufforstungsbem\u00fchungen bestand darin, einen nachhaltigen Beitrag zum Erhalt der Biodiversit\u00e4t zu leisten. Durch die enge Zusammenarbeit der beiden involvierten Unternehmen wurden sorgf\u00e4ltig 1.000 Setzlinge einheimischer Pflanzen wie Kakao, Papaya, Chuncho und Araz\u00e1 ausgew\u00e4hlt und erfolgreich gepflanzt. Die Auswahl dieser Pflanzen erfolgte nach genauer Pr\u00fcfung ihrer Anpassungsf\u00e4higkeit an die \u00f6rtlichen Umweltbedingungen, darunter Bodenbeschaffenheit, Klima und H\u00f6henlage von etwa 650 Metern \u00fcber dem Meeresspiegel. Auf diese Weise wird sichergestellt, dass die gepflanzten Arten florieren und zur Schaffung eines nachhaltigen \u00d6kosystems beitragen k\u00f6nnen.<br \/><br \/>Die Durchf\u00fchrung des Projekts erfolgte in strikter \u00dcbereinstimmung mit den lokalen Gesetzen und Vorschriften, da es auf Privatbesitz stattfand. Dies minimierte den b\u00fcrokratischen Aufwand und erm\u00f6glichte eine reibungslose Umsetzung des Vorhabens.<br \/><br \/>Die Wiederaufforstungskampagne 2023 von Latventure Ecuador ist nicht nur ein lebendiges Beispiel f\u00fcr das Engagement im Umweltschutz und Nachhaltigkeit, sondern tr\u00e4gt auch dazu bei, einen ausgewogenen Lebensraum f\u00fcr die lokale Fauna und Flora zu schaffen. Regelm\u00e4\u00dfige Evaluierungen stellen sicher, dass das Projekt die angestrebten Ziele erreicht, und erm\u00f6glichen gegebenenfalls Anpassungen der Strategien.&#8220;<\/p><p><strong>Die Hakuna Matata Lodge geh\u00f6rt zum Portfolio von Latventure Ecuador. Eine Beschreibung findet Ihr\u00a0<a href=\"https:\/\/latventure.com\/de\/unsere-lodge\/\" target=\"_blank\" rel=\"noopener noreferrer\">hier<\/a>\u00a0oder (mit Preisen und Bildmaterial) auf\u00a0<a href=\"https:\/\/latinconnect.com\/members\/contentdetails\/view\/contentsupplier.php?id=13079\" target=\"_blank\" rel=\"noopener noreferrer\">Latinconnect<\/a>.<\/strong><\/p>\t\t\t\t\t\t\t\t<\/div>\n\t\t\t\t\t<\/div>\n\t\t\t\t<\/div>\n\t\t\t\t<\/div>\n\t\t","protected":false},"excerpt":{"rendered":"<p>Kai Single von Latventure Ecuador berichtet \u00fcber die erfolgreiche Wiederaufforstungskampagne 2023 in der Hakuna Matata Amazon Lodge:<\/p>\n","protected":false},"author":3,"featured_media":3392,"comment_status":"closed","ping_status":"open","sticky":false,"template":"","format":"standard","meta":{"_acf_changed":false,"footnotes":""},"categories":[10],"tags":[16],"class_list":["post-3391","post","type-post","status-publish","format-standard","has-post-thumbnail","hentry","category-news","tag-nachhaltigkeit"],"acf":[],"yoast_head":"<!-- This site is optimized with the Yoast SEO plugin v26.9 - https:\/\/yoast.com\/product\/yoast-seo-wordpress\/ -->\n<title>Eigeninitiative am Rande des Amanzonasbeckens - Latinconnect<\/title>\n<meta name=\"robots\" content=\"noindex, follow, max-snippet:-1, max-image-preview:large, max-video-preview:-1\" \/>\n<meta property=\"og:locale\" content=\"de_DE\" \/>\n<meta property=\"og:type\" content=\"article\" \/>\n<meta property=\"og:title\" content=\"Eigeninitiative am Rande des Amanzonasbeckens - Latinconnect\" \/>\n<meta property=\"og:description\" content=\"Kai Single von Latventure Ecuador berichtet \u00fcber die erfolgreiche Wiederaufforstungskampagne 2023 in der Hakuna Matata Amazon Lodge:\" \/>\n<meta property=\"og:url\" content=\"https:\/\/new.latinconnect.com\/de\/news\/eigeninitiative-am-rande-des-amanzonasbeckens\/\" \/>\n<meta property=\"og:site_name\" content=\"Latinconnect\" \/>\n<meta property=\"article:published_time\" content=\"2023-12-03T11:22:00+00:00\" \/>\n<meta property=\"article:modified_time\" content=\"2025-12-12T11:34:08+00:00\" \/>\n<meta property=\"og:image\" content=\"https:\/\/new.latinconnect.com\/wp-content\/uploads\/latinconnect-blog-post-am-rande-des-amazonasbeckens.jpeg\" \/>\n\t<meta property=\"og:image:width\" content=\"850\" \/>\n\t<meta property=\"og:image:height\" content=\"477\" \/>\n\t<meta property=\"og:image:type\" content=\"image\/jpeg\" \/>\n<meta name=\"author\" content=\"Antons Filipovs\" \/>\n<meta name=\"twitter:card\" content=\"summary_large_image\" \/>\n<meta name=\"twitter:label1\" content=\"Written by\" \/>\n\t<meta name=\"twitter:data1\" content=\"Antons Filipovs\" \/>\n\t<meta name=\"twitter:label2\" content=\"Est. reading time\" \/>\n\t<meta name=\"twitter:data2\" content=\"1\u00a0Minute\" \/>\n<script type=\"application\/ld+json\" class=\"yoast-schema-graph\">{\"@context\":\"https:\/\/schema.org\",\"@graph\":[{\"@type\":\"Article\",\"@id\":\"https:\/\/new.latinconnect.com\/news\/eigeninitiative-am-rande-des-amanzonasbeckens\/#article\",\"isPartOf\":{\"@id\":\"https:\/\/new.latinconnect.com\/news\/eigeninitiative-am-rande-des-amanzonasbeckens\/\"},\"author\":{\"name\":\"Antons Filipovs\",\"@id\":\"http:\/\/new.latinconnect.com\/de\/#\/schema\/person\/27372657e8287352a3abaf2284ff0fa4\"},\"headline\":\"Eigeninitiative am Rande des Amanzonasbeckens\",\"datePublished\":\"2023-12-03T11:22:00+00:00\",\"dateModified\":\"2025-12-12T11:34:08+00:00\",\"mainEntityOfPage\":{\"@id\":\"https:\/\/new.latinconnect.com\/news\/eigeninitiative-am-rande-des-amanzonasbeckens\/\"},\"wordCount\":267,\"publisher\":{\"@id\":\"http:\/\/new.latinconnect.com\/de\/#organization\"},\"image\":{\"@id\":\"https:\/\/new.latinconnect.com\/news\/eigeninitiative-am-rande-des-amanzonasbeckens\/#primaryimage\"},\"thumbnailUrl\":\"https:\/\/new.latinconnect.com\/wp-content\/uploads\/latinconnect-blog-post-am-rande-des-amazonasbeckens.jpeg\",\"keywords\":[\"Nachhaltigkeit\"],\"articleSection\":[\"News\"],\"inLanguage\":\"de\"},{\"@type\":\"WebPage\",\"@id\":\"https:\/\/new.latinconnect.com\/news\/eigeninitiative-am-rande-des-amanzonasbeckens\/\",\"url\":\"https:\/\/new.latinconnect.com\/news\/eigeninitiative-am-rande-des-amanzonasbeckens\/\",\"name\":\"Eigeninitiative am Rande des Amanzonasbeckens - Latinconnect\",\"isPartOf\":{\"@id\":\"http:\/\/new.latinconnect.com\/de\/#website\"},\"primaryImageOfPage\":{\"@id\":\"https:\/\/new.latinconnect.com\/news\/eigeninitiative-am-rande-des-amanzonasbeckens\/#primaryimage\"},\"image\":{\"@id\":\"https:\/\/new.latinconnect.com\/news\/eigeninitiative-am-rande-des-amanzonasbeckens\/#primaryimage\"},\"thumbnailUrl\":\"https:\/\/new.latinconnect.com\/wp-content\/uploads\/latinconnect-blog-post-am-rande-des-amazonasbeckens.jpeg\",\"datePublished\":\"2023-12-03T11:22:00+00:00\",\"dateModified\":\"2025-12-12T11:34:08+00:00\",\"breadcrumb\":{\"@id\":\"https:\/\/new.latinconnect.com\/news\/eigeninitiative-am-rande-des-amanzonasbeckens\/#breadcrumb\"},\"inLanguage\":\"de\",\"potentialAction\":[{\"@type\":\"ReadAction\",\"target\":[\"https:\/\/new.latinconnect.com\/news\/eigeninitiative-am-rande-des-amanzonasbeckens\/\"]}]},{\"@type\":\"ImageObject\",\"inLanguage\":\"de\",\"@id\":\"https:\/\/new.latinconnect.com\/news\/eigeninitiative-am-rande-des-amanzonasbeckens\/#primaryimage\",\"url\":\"https:\/\/new.latinconnect.com\/wp-content\/uploads\/latinconnect-blog-post-am-rande-des-amazonasbeckens.jpeg\",\"contentUrl\":\"https:\/\/new.latinconnect.com\/wp-content\/uploads\/latinconnect-blog-post-am-rande-des-amazonasbeckens.jpeg\",\"width\":850,\"height\":477},{\"@type\":\"BreadcrumbList\",\"@id\":\"https:\/\/new.latinconnect.com\/news\/eigeninitiative-am-rande-des-amanzonasbeckens\/#breadcrumb\",\"itemListElement\":[{\"@type\":\"ListItem\",\"position\":1,\"name\":\"Home\",\"item\":\"https:\/\/new.latinconnect.com\/\"},{\"@type\":\"ListItem\",\"position\":2,\"name\":\"Eigeninitiative am Rande des Amanzonasbeckens\"}]},{\"@type\":\"WebSite\",\"@id\":\"http:\/\/new.latinconnect.com\/de\/#website\",\"url\":\"http:\/\/new.latinconnect.com\/de\/\",\"name\":\"Latinconnect\",\"description\":\"latin america&#039;s dmc alliance\",\"publisher\":{\"@id\":\"http:\/\/new.latinconnect.com\/de\/#organization\"},\"potentialAction\":[{\"@type\":\"SearchAction\",\"target\":{\"@type\":\"EntryPoint\",\"urlTemplate\":\"http:\/\/new.latinconnect.com\/de\/?s={search_term_string}\"},\"query-input\":{\"@type\":\"PropertyValueSpecification\",\"valueRequired\":true,\"valueName\":\"search_term_string\"}}],\"inLanguage\":\"de\"},{\"@type\":\"Organization\",\"@id\":\"http:\/\/new.latinconnect.com\/de\/#organization\",\"name\":\"Latinconnect\",\"url\":\"http:\/\/new.latinconnect.com\/de\/\",\"logo\":{\"@type\":\"ImageObject\",\"inLanguage\":\"de\",\"@id\":\"http:\/\/new.latinconnect.com\/de\/#\/schema\/logo\/image\/\",\"url\":\"https:\/\/new.latinconnect.com\/wp-content\/uploads\/logo-latinconnect.svg\",\"contentUrl\":\"https:\/\/new.latinconnect.com\/wp-content\/uploads\/logo-latinconnect.svg\",\"width\":260,\"height\":50,\"caption\":\"Latinconnect\"},\"image\":{\"@id\":\"http:\/\/new.latinconnect.com\/de\/#\/schema\/logo\/image\/\"},\"sameAs\":[\"https:\/\/www.linkedin.com\/company\/latinconnect\"]},{\"@type\":\"Person\",\"@id\":\"http:\/\/new.latinconnect.com\/de\/#\/schema\/person\/27372657e8287352a3abaf2284ff0fa4\",\"name\":\"Antons Filipovs\",\"image\":{\"@type\":\"ImageObject\",\"inLanguage\":\"de\",\"@id\":\"http:\/\/new.latinconnect.com\/de\/#\/schema\/person\/image\/\",\"url\":\"https:\/\/secure.gravatar.com\/avatar\/049b6bfb73d9a62a9031dcfef01285c96d729332839f38e6b486d92efd1cf137?s=96&d=mm&r=g\",\"contentUrl\":\"https:\/\/secure.gravatar.com\/avatar\/049b6bfb73d9a62a9031dcfef01285c96d729332839f38e6b486d92efd1cf137?s=96&d=mm&r=g\",\"caption\":\"Antons Filipovs\"},\"url\":\"https:\/\/new.latinconnect.com\/de\/author\/antons\/\"}]}<\/script>\n<!-- \/ Yoast SEO plugin. -->","yoast_head_json":{"title":"Eigeninitiative am Rande des Amanzonasbeckens - Latinconnect","robots":{"index":"noindex","follow":"follow","max-snippet":"max-snippet:-1","max-image-preview":"max-image-preview:large","max-video-preview":"max-video-preview:-1"},"og_locale":"de_DE","og_type":"article","og_title":"Eigeninitiative am Rande des Amanzonasbeckens - Latinconnect","og_description":"Kai Single von Latventure Ecuador berichtet \u00fcber die erfolgreiche Wiederaufforstungskampagne 2023 in der Hakuna Matata Amazon Lodge:","og_url":"https:\/\/new.latinconnect.com\/de\/news\/eigeninitiative-am-rande-des-amanzonasbeckens\/","og_site_name":"Latinconnect","article_published_time":"2023-12-03T11:22:00+00:00","article_modified_time":"2025-12-12T11:34:08+00:00","og_image":[{"width":850,"height":477,"url":"https:\/\/new.latinconnect.com\/wp-content\/uploads\/latinconnect-blog-post-am-rande-des-amazonasbeckens.jpeg","type":"image\/jpeg"}],"author":"Antons Filipovs","twitter_card":"summary_large_image","twitter_misc":{"Written by":"Antons Filipovs","Est. reading time":"1\u00a0Minute"},"schema":{"@context":"https:\/\/schema.org","@graph":[{"@type":"Article","@id":"https:\/\/new.latinconnect.com\/news\/eigeninitiative-am-rande-des-amanzonasbeckens\/#article","isPartOf":{"@id":"https:\/\/new.latinconnect.com\/news\/eigeninitiative-am-rande-des-amanzonasbeckens\/"},"author":{"name":"Antons Filipovs","@id":"http:\/\/new.latinconnect.com\/de\/#\/schema\/person\/27372657e8287352a3abaf2284ff0fa4"},"headline":"Eigeninitiative am Rande des Amanzonasbeckens","datePublished":"2023-12-03T11:22:00+00:00","dateModified":"2025-12-12T11:34:08+00:00","mainEntityOfPage":{"@id":"https:\/\/new.latinconnect.com\/news\/eigeninitiative-am-rande-des-amanzonasbeckens\/"},"wordCount":267,"publisher":{"@id":"http:\/\/new.latinconnect.com\/de\/#organization"},"image":{"@id":"https:\/\/new.latinconnect.com\/news\/eigeninitiative-am-rande-des-amanzonasbeckens\/#primaryimage"},"thumbnailUrl":"https:\/\/new.latinconnect.com\/wp-content\/uploads\/latinconnect-blog-post-am-rande-des-amazonasbeckens.jpeg","keywords":["Nachhaltigkeit"],"articleSection":["News"],"inLanguage":"de"},{"@type":"WebPage","@id":"https:\/\/new.latinconnect.com\/news\/eigeninitiative-am-rande-des-amanzonasbeckens\/","url":"https:\/\/new.latinconnect.com\/news\/eigeninitiative-am-rande-des-amanzonasbeckens\/","name":"Eigeninitiative am Rande des Amanzonasbeckens - Latinconnect","isPartOf":{"@id":"http:\/\/new.latinconnect.com\/de\/#website"},"primaryImageOfPage":{"@id":"https:\/\/new.latinconnect.com\/news\/eigeninitiative-am-rande-des-amanzonasbeckens\/#primaryimage"},"image":{"@id":"https:\/\/new.latinconnect.com\/news\/eigeninitiative-am-rande-des-amanzonasbeckens\/#primaryimage"},"thumbnailUrl":"https:\/\/new.latinconnect.com\/wp-content\/uploads\/latinconnect-blog-post-am-rande-des-amazonasbeckens.jpeg","datePublished":"2023-12-03T11:22:00+00:00","dateModified":"2025-12-12T11:34:08+00:00","breadcrumb":{"@id":"https:\/\/new.latinconnect.com\/news\/eigeninitiative-am-rande-des-amanzonasbeckens\/#breadcrumb"},"inLanguage":"de","potentialAction":[{"@type":"ReadAction","target":["https:\/\/new.latinconnect.com\/news\/eigeninitiative-am-rande-des-amanzonasbeckens\/"]}]},{"@type":"ImageObject","inLanguage":"de","@id":"https:\/\/new.latinconnect.com\/news\/eigeninitiative-am-rande-des-amanzonasbeckens\/#primaryimage","url":"https:\/\/new.latinconnect.com\/wp-content\/uploads\/latinconnect-blog-post-am-rande-des-amazonasbeckens.jpeg","contentUrl":"https:\/\/new.latinconnect.com\/wp-content\/uploads\/latinconnect-blog-post-am-rande-des-amazonasbeckens.jpeg","width":850,"height":477},{"@type":"BreadcrumbList","@id":"https:\/\/new.latinconnect.com\/news\/eigeninitiative-am-rande-des-amanzonasbeckens\/#breadcrumb","itemListElement":[{"@type":"ListItem","position":1,"name":"Home","item":"https:\/\/new.latinconnect.com\/"},{"@type":"ListItem","position":2,"name":"Eigeninitiative am Rande des Amanzonasbeckens"}]},{"@type":"WebSite","@id":"http:\/\/new.latinconnect.com\/de\/#website","url":"http:\/\/new.latinconnect.com\/de\/","name":"Latinconnect","description":"latin america&#039;s dmc alliance","publisher":{"@id":"http:\/\/new.latinconnect.com\/de\/#organization"},"potentialAction":[{"@type":"SearchAction","target":{"@type":"EntryPoint","urlTemplate":"http:\/\/new.latinconnect.com\/de\/?s={search_term_string}"},"query-input":{"@type":"PropertyValueSpecification","valueRequired":true,"valueName":"search_term_string"}}],"inLanguage":"de"},{"@type":"Organization","@id":"http:\/\/new.latinconnect.com\/de\/#organization","name":"Latinconnect","url":"http:\/\/new.latinconnect.com\/de\/","logo":{"@type":"ImageObject","inLanguage":"de","@id":"http:\/\/new.latinconnect.com\/de\/#\/schema\/logo\/image\/","url":"https:\/\/new.latinconnect.com\/wp-content\/uploads\/logo-latinconnect.svg","contentUrl":"https:\/\/new.latinconnect.com\/wp-content\/uploads\/logo-latinconnect.svg","width":260,"height":50,"caption":"Latinconnect"},"image":{"@id":"http:\/\/new.latinconnect.com\/de\/#\/schema\/logo\/image\/"},"sameAs":["https:\/\/www.linkedin.com\/company\/latinconnect"]},{"@type":"Person","@id":"http:\/\/new.latinconnect.com\/de\/#\/schema\/person\/27372657e8287352a3abaf2284ff0fa4","name":"Antons Filipovs","image":{"@type":"ImageObject","inLanguage":"de","@id":"http:\/\/new.latinconnect.com\/de\/#\/schema\/person\/image\/","url":"https:\/\/secure.gravatar.com\/avatar\/049b6bfb73d9a62a9031dcfef01285c96d729332839f38e6b486d92efd1cf137?s=96&d=mm&r=g","contentUrl":"https:\/\/secure.gravatar.com\/avatar\/049b6bfb73d9a62a9031dcfef01285c96d729332839f38e6b486d92efd1cf137?s=96&d=mm&r=g","caption":"Antons Filipovs"},"url":"https:\/\/new.latinconnect.com\/de\/author\/antons\/"}]}},"_links":{"self":[{"href":"https:\/\/new.latinconnect.com\/de\/wp-json\/wp\/v2\/posts\/3391","targetHints":{"allow":["GET"]}}],"collection":[{"href":"https:\/\/new.latinconnect.com\/de\/wp-json\/wp\/v2\/posts"}],"about":[{"href":"https:\/\/new.latinconnect.com\/de\/wp-json\/wp\/v2\/types\/post"}],"author":[{"embeddable":true,"href":"https:\/\/new.latinconnect.com\/de\/wp-json\/wp\/v2\/users\/3"}],"replies":[{"embeddable":true,"href":"https:\/\/new.latinconnect.com\/de\/wp-json\/wp\/v2\/comments?post=3391"}],"version-history":[{"count":6,"href":"https:\/\/new.latinconnect.com\/de\/wp-json\/wp\/v2\/posts\/3391\/revisions"}],"predecessor-version":[{"id":3399,"href":"https:\/\/new.latinconnect.com\/de\/wp-json\/wp\/v2\/posts\/3391\/revisions\/3399"}],"wp:featuredmedia":[{"embeddable":true,"href":"https:\/\/new.latinconnect.com\/de\/wp-json\/wp\/v2\/media\/3392"}],"wp:attachment":[{"href":"https:\/\/new.latinconnect.com\/de\/wp-json\/wp\/v2\/media?parent=3391"}],"wp:term":[{"taxonomy":"category","embeddable":true,"href":"https:\/\/new.latinconnect.com\/de\/wp-json\/wp\/v2\/categories?post=3391"},{"taxonomy":"post_tag","embeddable":true,"href":"https:\/\/new.latinconnect.com\/de\/wp-json\/wp\/v2\/tags?post=3391"}],"curies":[{"name":"wp","href":"https:\/\/api.w.org\/{rel}","templated":true}]}}